{"id":28,"date":"2026-03-09T10:51:26","date_gmt":"2026-03-09T10:51:26","guid":{"rendered":"https:\/\/bexiroq.space\/?p=28"},"modified":"2026-03-09T10:51:30","modified_gmt":"2026-03-09T10:51:30","slug":"imagem-de-marca","status":"publish","type":"post","link":"https:\/\/bexiroq.space\/?p=28","title":{"rendered":"Imagem de marca"},"content":{"rendered":"\n<p>A identidade visual de um pequeno neg\u00f3cio em Faro \u00e9 o seu cart\u00e3o de visita digital e f\u00edsico devendo transmitir profissionalismo e confian\u00e7a desde o primeiro segundo. Ter um log\u00f3tipo bem desenhado e uma paleta de cores coerente em todos os suportes de comunica\u00e7\u00e3o ajuda a fixar a marca na mente dos consumidores locais. Muitas empresas de servi\u00e7os no Algarve negligenciam este aspeto utilizando imagens de baixa qualidade ou estilos desatualizados que afastam potenciais clientes modernos. A nossa equipa foca se em criar uma imagem de marca que reflita a qualidade real do seu servi\u00e7o sem cair em exageros visuais desnecess\u00e1rios. A simplicidade e a clareza s\u00e3o as melhores aliadas de uma marca que pretende comunicar seriedade e efici\u00eancia no mercado atual.<\/p>\n\n\n\n<hr class=\"wp-block-separator has-alpha-channel-opacity\"\/>\n\n\n\n<figure class=\"wp-block-image size-large\"><img loading=\"lazy\" decoding=\"async\" width=\"1024\" height=\"683\" src=\"https:\/\/bexiroq.space\/wp-content\/uploads\/2026\/03\/h9p92m9s5pz-1024x683.jpg\" alt=\"\" class=\"wp-image-29\" srcset=\"https:\/\/bexiroq.space\/wp-content\/uploads\/2026\/03\/h9p92m9s5pz-1024x683.jpg 1024w, https:\/\/bexiroq.space\/wp-content\/uploads\/2026\/03\/h9p92m9s5pz-300x200.jpg 300w, https:\/\/bexiroq.space\/wp-content\/uploads\/2026\/03\/h9p92m9s5pz-768x512.jpg 768w, https:\/\/bexiroq.space\/wp-content\/uploads\/2026\/03\/h9p92m9s5pz-1536x1025.jpg 1536w, https:\/\/bexiroq.space\/wp-content\/uploads\/2026\/03\/h9p92m9s5pz.jpg 1920w\" sizes=\"auto, (max-width: 1024px) 100vw, 1024px\" \/><\/figure>\n\n\n\n<p>A coer\u00eancia visual deve estender se desde as redes sociais at\u00e9 \u00e0 farda dos funcion\u00e1rios ou \u00e0 decora\u00e7\u00e3o da carrinha da empresa. Quando um cliente v\u00ea um an\u00fancio seu no Facebook e depois visita o seu espa\u00e7o em Faro deve sentir que est\u00e1 no mesmo s\u00edtio atrav\u00e9s da continuidade das cores e dos s\u00edmbolos utilizados. Isto cria uma sensa\u00e7\u00e3o de seguran\u00e7a e estabilidade que \u00e9 fundamental para pequenos neg\u00f3cios que competem com grandes cadeias internacionais. N\u00f3s ajudamos a definir um guia de estilo simples que qualquer colaborador pode seguir garantindo que a imagem da empresa nunca seja degradada por comunica\u00e7\u00f5es feitas \u00e0 pressa. Uma marca forte \u00e9 aquela que \u00e9 reconhecida pela sua postura e pela qualidade visual que apresenta em todos os pontos de contacto com o p\u00fablico.<\/p>\n\n\n\n<hr class=\"wp-block-separator has-alpha-channel-opacity\"\/>\n\n\n\n<p><em>Nota t\u00e9cnica: O uso de fotografias reais da sua equipa e das suas instala\u00e7\u00f5es em vez de imagens de arquivo gen\u00e9ricas aumenta a confian\u00e7a dos utilizadores no seu site em mais de quarenta por cento. A autenticidade visual \u00e9 um fator decisivo para o marketing local.<\/em><\/p>\n\n\n\n<hr class=\"wp-block-separator has-alpha-channel-opacity\"\/>\n\n\n\n<p>Trabalhamos na moderniza\u00e7\u00e3o de identidades antigas para que se adaptem perfeitamente aos ecr\u00e3s dos telem\u00f3veis e \u00e0s plataformas digitais atuais. O design deve ser funcional e facilitar a leitura das informa\u00e7\u00f5es mais importantes como o nome da empresa e os contactos principais. No ambiente competitivo de Faro uma imagem de marca cuidada \u00e9 o que muitas vezes decide a escolha do cliente entre duas empresas que oferecem o mesmo servi\u00e7o pelo mesmo pre\u00e7o. N\u00e3o se trata apenas de est\u00e9tica mas de uma ferramenta de marketing que comunica os seus valores sem precisar de palavras. Se sente que a imagem atual da sua empresa n\u00e3o representa o valor do seu trabalho n\u00f3s podemos ajudar a renovar a sua presen\u00e7a visual de forma estrat\u00e9gica. Uma marca bem apresentada \u00e9 o primeiro passo para conquistar a prefer\u00eancia dos clientes mais exigentes da nossa regi\u00e3o.<\/p>\n","protected":false},"excerpt":{"rendered":"<p>A identidade visual de um pequeno neg\u00f3cio em Faro \u00e9 o seu cart\u00e3o de visita digital e f\u00edsico devendo transmitir profissionalismo e confian\u00e7a desde o primeiro segundo. Ter um log\u00f3tipo bem desenhado e uma paleta de cores coerente em todos os suportes de comunica\u00e7\u00e3o ajuda a fixar a marca na mente dos consumidores locais. Muitas [&hellip;]<\/p>\n","protected":false},"author":1,"featured_media":0,"comment_status":"closed","ping_status":"open","sticky":false,"template":"","format":"standard","meta":{"footnotes":""},"categories":[1],"tags":[],"class_list":["post-28","post","type-post","status-publish","format-standard","hentry","category-uncategorized"],"_links":{"self":[{"href":"https:\/\/bexiroq.space\/index.php?rest_route=\/wp\/v2\/posts\/28","targetHints":{"allow":["GET"]}}],"collection":[{"href":"https:\/\/bexiroq.space\/index.php?rest_route=\/wp\/v2\/posts"}],"about":[{"href":"https:\/\/bexiroq.space\/index.php?rest_route=\/wp\/v2\/types\/post"}],"author":[{"embeddable":true,"href":"https:\/\/bexiroq.space\/index.php?rest_route=\/wp\/v2\/users\/1"}],"replies":[{"embeddable":true,"href":"https:\/\/bexiroq.space\/index.php?rest_route=%2Fwp%2Fv2%2Fcomments&post=28"}],"version-history":[{"count":1,"href":"https:\/\/bexiroq.space\/index.php?rest_route=\/wp\/v2\/posts\/28\/revisions"}],"predecessor-version":[{"id":30,"href":"https:\/\/bexiroq.space\/index.php?rest_route=\/wp\/v2\/posts\/28\/revisions\/30"}],"wp:attachment":[{"href":"https:\/\/bexiroq.space\/index.php?rest_route=%2Fwp%2Fv2%2Fmedia&parent=28"}],"wp:term":[{"taxonomy":"category","embeddable":true,"href":"https:\/\/bexiroq.space\/index.php?rest_route=%2Fwp%2Fv2%2Fcategories&post=28"},{"taxonomy":"post_tag","embeddable":true,"href":"https:\/\/bexiroq.space\/index.php?rest_route=%2Fwp%2Fv2%2Ftags&post=28"}],"curies":[{"name":"wp","href":"https:\/\/api.w.org\/{rel}","templated":true}]}}